{"id":10156,"date":"2015-03-30T14:54:21","date_gmt":"2015-03-30T12:54:21","guid":{"rendered":"http:\/\/www.lisabaur.com\/berlin\/?p=10156"},"modified":"2015-06-05T19:47:21","modified_gmt":"2015-06-05T17:47:21","slug":"tolle-aussichten-fuer-tempelhof","status":"publish","type":"post","link":"https:\/\/makecity.berlin\/2015\/10156\/tolle-aussichten-fuer-tempelhof\/","title":{"rendered":"Tolle Aussichten f\u00fcr Tempelhof"},"content":{"rendered":"<p>Rund 1,2 Kilometer \u00fcberspannt die einmalige Dachkonstruktion des Flughafens Tempelhof Hangar und Vorfeld. Nach den Planungen des Architekten Ernst Sagebiels aus den 1930er Jahren sollten hier bei Flugschauen bis zu 100.000 Menschen Platz finden. Fast ein Jahrhundert sp\u00e4ter hat sich die Flughafenlage Berlins ver\u00e4ndert. Sch\u00f6nefeld macht Schlagzeilen und Tempelhof ist geschlossen. Doch sein Dach soll bis 2020 tats\u00e4chlich zug\u00e4nglich gemacht werden: Ein Expertenteam um das B\u00fcro Ziegert Roswag Seiler hat ein Nutzungskonzept entwickelt, das unter anderem eine Geschichtsgalerie vorsieht. Tolle Aussichten!<br \/>\nEine F\u00fchrung \u00fcber Hangard\u00e4cher und Besucherterasse erl\u00e4utert die bewegte Geschichte.<\/p>\n","protected":false},"excerpt":{"rendered":"<p class=\"excerpt\">Rund 1,2 Kilometer \u00fcberspannt die einmalige Dachkonstruktion des Flughafens Tempelhof Hangar und Vorfeld. Nach den [&hellip;]<\/p>\n","protected":false},"author":14,"featured_media":10157,"comment_status":"open","ping_status":"open","sticky":false,"template":"","format":"standard","meta":{"_acf_changed":false,"footnotes":""},"categories":[82],"tags":[],"class_list":["post-10156","post","type-post","status-publish","format-standard","has-post-thumbnail","hentry","category-mco"],"acf":[],"_links":{"self":[{"href":"https:\/\/makecity.berlin\/2015\/wp-json\/wp\/v2\/posts\/10156"}],"collection":[{"href":"https:\/\/makecity.berlin\/2015\/wp-json\/wp\/v2\/posts"}],"about":[{"href":"https:\/\/makecity.berlin\/2015\/wp-json\/wp\/v2\/types\/post"}],"author":[{"embeddable":true,"href":"https:\/\/makecity.berlin\/2015\/wp-json\/wp\/v2\/users\/14"}],"replies":[{"embeddable":true,"href":"https:\/\/makecity.berlin\/2015\/wp-json\/wp\/v2\/comments?post=10156"}],"version-history":[{"count":12,"href":"https:\/\/makecity.berlin\/2015\/wp-json\/wp\/v2\/posts\/10156\/revisions"}],"predecessor-version":[{"id":15905,"href":"https:\/\/makecity.berlin\/2015\/wp-json\/wp\/v2\/posts\/10156\/revisions\/15905"}],"wp:featuredmedia":[{"embeddable":true,"href":"https:\/\/makecity.berlin\/2015\/wp-json\/wp\/v2\/media\/10157"}],"wp:attachment":[{"href":"https:\/\/makecity.berlin\/2015\/wp-json\/wp\/v2\/media?parent=10156"}],"wp:term":[{"taxonomy":"category","embeddable":true,"href":"https:\/\/makecity.berlin\/2015\/wp-json\/wp\/v2\/categories?post=10156"},{"taxonomy":"post_tag","embeddable":true,"href":"https:\/\/makecity.berlin\/2015\/wp-json\/wp\/v2\/tags?post=10156"}],"curies":[{"name":"wp","href":"https:\/\/api.w.org\/{rel}","templated":true}]}}